[{"@context":"https:\/\/schema.org\/","@type":"Article","@id":"https:\/\/www.salasbarca.sk\/paci-sa-vam-co-mate-doma\/#Article","mainEntityOfPage":"https:\/\/www.salasbarca.sk\/paci-sa-vam-co-mate-doma\/","headline":"P\u00e1\u010di sa v\u00e1m, \u010do m\u00e1te doma?","name":"P\u00e1\u010di sa v\u00e1m, \u010do m\u00e1te doma?","description":"Nech sa deje \u010doko\u013evek, mali by ste ma\u0165 doma veci, ktor\u00e9 sa v\u00e1m p\u00e1\u010dia. A aj ke\u010f sa v\u00e1m to nezd\u00e1, mali by ste urobi\u0165 v\u0161etko preto, aby boli veci lep\u0161ie, ako by ste \u010dakali. Nech sa deje \u010doko\u013evek, v\u017edy si stojte za t\u00fdm, \u010do je okolo v\u00e1s a ako v\u00e1s to ovplyv\u0148uje. Verte tomu, [&hellip;]","datePublished":"2018-11-20","dateModified":"2023-04-26","author":{"@type":"Person","@id":"https:\/\/www.salasbarca.sk\/author\/#Person","name":"salasbarca.sk","url":"https:\/\/www.salasbarca.sk\/author\/","identifier":1,"image":{"@type":"ImageObject","@id":"https:\/\/secure.gravatar.com\/avatar\/ee69a086fc043006d66000ff5e288b6b088fc8fa323128f3849437410a854832?s=96&d=mm&r=g","url":"https:\/\/secure.gravatar.com\/avatar\/ee69a086fc043006d66000ff5e288b6b088fc8fa323128f3849437410a854832?s=96&d=mm&r=g","height":96,"width":96}},"publisher":{"@type":"Organization","name":"salasbarca.sk","logo":{"@type":"ImageObject","@id":"\/logo.png","url":"\/logo.png","width":600,"height":60}},"image":{"@type":"ImageObject","@id":"https:\/\/www.salasbarca.sk\/wp-content\/uploads\/img_a294048_w16511_t1543438567.jpg","url":"https:\/\/www.salasbarca.sk\/wp-content\/uploads\/img_a294048_w16511_t1543438567.jpg","height":0,"width":0},"url":"https:\/\/www.salasbarca.sk\/paci-sa-vam-co-mate-doma\/","about":["Tovar"],"wordCount":447,"articleBody":"        Nech sa deje \u010doko\u013evek, mali by ste ma\u0165 doma veci, ktor\u00e9 sa v\u00e1m p\u00e1\u010dia. A aj ke\u010f sa v\u00e1m to nezd\u00e1, mali by ste urobi\u0165 v\u0161etko preto, aby boli veci lep\u0161ie, ako by ste \u010dakali. Nech sa deje \u010doko\u013evek, v\u017edy si stojte za t\u00fdm, \u010do je okolo v\u00e1s a ako v\u00e1s to ovplyv\u0148uje. Verte tomu, \u017ee v\u0161etko, \u010do je okolo v\u00e1s, v\u00e1s ovplyv\u0148uje nielen pozit\u00edvne, ale aj negat\u00edvne, no napriek tomu ste to vy, kto si vyberie. Ak ste sa u\u017e rozhodli, \u010do je pre v\u00e1s to spr\u00e1vne a \u010do sa v\u00e1m bude p\u00e1\u010di\u0165, nemali by ste v\u00e1ha\u0165 ani na chv\u00ed\u013eu a sk\u00fasi\u0165 sa na seba zamera\u0165. Je v\u00e1m jasn\u00e9, \u017ee ke\u010f sa v\u00e1m raz nie\u010do p\u00e1\u010di, m\u00f4\u017eete urobi\u0165 maximum preto, aby ste to doma mali. A aj ke\u010f sa to nie ka\u017ed\u00e9mu bude p\u00e1\u010di\u0165, je to len na v\u00e1s, \u010do si domov d\u00e1te. Mus\u00edte v\u0161ak vedie\u0165, ak\u00fd \u0161t\u00fdl je pre v\u00e1s ten najvhodnej\u0161\u00ed. Presne to, \u010do si vyberiete, mus\u00ed by\u0165 nie\u010do, o \u010dom mus\u00edte by\u0165 presved\u010den\u00fd. A \u010do sa v\u00e1m bude p\u00e1\u010di\u0165 hlavne tak, ako to je. Ke\u010f m\u00e1te modern\u00fd \u0161t\u00fdl a m\u00e1te od svojho bytu aj nejak\u00e9 o\u010dak\u00e1vania, je jasn\u00e9, \u017ee budete chcie\u0165 to najlep\u0161ie. A t\u00fdm s\u00fa ur\u010dite sklenen\u00e9 posuvn\u00e9 dvere. V\u0161etko, \u010do je pre v\u00e1s d\u00f4le\u017eit\u00e9, m\u00e1te pr\u00e1ve teraz pred sebou. A to je naozaj kr\u00e1sne a perfektn\u00e9.Ma\u0165 doma tak\u00fdto modern\u00fd prvok si vy\u017eaduje ve\u013emi ve\u013ea odvahy, ale to nie je v\u0161etko. Ma\u0165 to\u013eko ve\u013ea v\u00fdhod m\u00f4\u017eu ma\u0165 len ony, preto\u017ee okrem toho, ako dobre vyzeraj\u00fa, v\u00e1m poskytn\u00fa aj priestor. A to nielen obrazne, preto\u017ee aj ke\u010f je to tak, mali by ste si predstavi\u0165, ako v\u00e1m to opticky roz\u0161\u00edri priestor. Je jasn\u00e9, \u017ee pre \u013eud\u00ed, ktor\u00ed maj\u00fa mal\u00fd byt alebo dom je to naozaj ide\u00e1lne. Verte tomu, \u017ee to bude to najlep\u0161ie rozhodnutie, ktor\u00e9 urob\u00edte a stoj\u00ed to za to, aby ste boli najspokojnej\u0161\u00ed \u010dlovek s najkraj\u0161\u00edm bytom na svete. V\u0161etky veci s\u00fa predsa len o tom, ak\u00fd pocit vo v\u00e1s vytv\u00e1raj\u00fa. A verte tomu, \u017ee je to kr\u00e1sne a jednoduch\u00e9, no ide len o v\u00e1s. Ne\u010dakajte na to a uvid\u00edte, \u017ee bytov\u00e9 doplnky s\u00fa najlep\u0161ie vtedy, ke\u010f ku nim m\u00e1te vz\u0165ah.                                                                                                                                                                                                                                                                                                                                                                                          4.2\/5 - (8 votes)        "},{"@context":"https:\/\/schema.org\/","@type":"BreadcrumbList","itemListElement":[{"@type":"ListItem","position":1,"name":"P\u00e1\u010di sa v\u00e1m, \u010do m\u00e1te doma?","item":"https:\/\/www.salasbarca.sk\/paci-sa-vam-co-mate-doma\/#breadcrumbitem"}]}]