[{"@context":"https:\/\/schema.org\/","@type":"Article","@id":"https:\/\/www.salasbarca.sk\/zmena-priestoru-zvykneme-si\/#Article","mainEntityOfPage":"https:\/\/www.salasbarca.sk\/zmena-priestoru-zvykneme-si\/","headline":"Zmena priestoru. Zvykneme si?","name":"Zmena priestoru. Zvykneme si?","description":"\u2022 Mnoho \u0161tudentov doch\u00e1dza za svojou \u0161kolou dlh\u00e9 a vzdialen\u00e9 kilometre, kedy musia \u00eds\u0165 vo vlaku. Po skon\u010den\u00ed predn\u00e1\u0161ok sa im preto neoplat\u00ed odch\u00e1dza\u0165 zasa domov a na druh\u00fd de\u0148 zasa do \u0161koly sp\u00e4\u0165. Pr\u00e1ve preto je to vyrie\u0161en\u00e9 aspo\u0148 tak\u00fdm \u0161t\u00fdlom, ktor\u00e9mu vrav\u00edme intern\u00e1t. Pod t\u00fdmto pojmom si niekto predstav\u00ed samostatnos\u0165, z\u00e1bavu a slobodu, [&hellip;]","datePublished":"2018-02-23","dateModified":"2023-04-26","author":{"@type":"Person","@id":"https:\/\/www.salasbarca.sk\/author\/#Person","name":"salasbarca.sk","url":"https:\/\/www.salasbarca.sk\/author\/","identifier":1,"image":{"@type":"ImageObject","@id":"https:\/\/secure.gravatar.com\/avatar\/ee69a086fc043006d66000ff5e288b6b088fc8fa323128f3849437410a854832?s=96&d=mm&r=g","url":"https:\/\/secure.gravatar.com\/avatar\/ee69a086fc043006d66000ff5e288b6b088fc8fa323128f3849437410a854832?s=96&d=mm&r=g","height":96,"width":96}},"publisher":{"@type":"Organization","name":"salasbarca.sk","logo":{"@type":"ImageObject","@id":"\/logo.png","url":"\/logo.png","width":600,"height":60}},"image":{"@type":"ImageObject","@id":"https:\/\/www.salasbarca.sk\/wp-content\/uploads\/img_a287150_w16511_t1524516028.jpg","url":"https:\/\/www.salasbarca.sk\/wp-content\/uploads\/img_a287150_w16511_t1524516028.jpg","height":0,"width":0},"url":"https:\/\/www.salasbarca.sk\/zmena-priestoru-zvykneme-si\/","about":["Dom a byt"],"wordCount":395,"articleBody":"\u2022 Mnoho \u0161tudentov doch\u00e1dza za svojou \u0161kolou dlh\u00e9 a vzdialen\u00e9 kilometre, kedy musia \u00eds\u0165 vo vlaku. Po skon\u010den\u00ed predn\u00e1\u0161ok sa im preto neoplat\u00ed odch\u00e1dza\u0165 zasa domov a na druh\u00fd de\u0148 zasa do \u0161koly sp\u00e4\u0165. Pr\u00e1ve preto je to vyrie\u0161en\u00e9 aspo\u0148 tak\u00fdm \u0161t\u00fdlom, ktor\u00e9mu vrav\u00edme intern\u00e1t. Pod t\u00fdmto pojmom si niekto predstav\u00ed samostatnos\u0165, z\u00e1bavu a slobodu, in\u00fd zasa ur\u010dit\u00fd strach a pochybnosti z nedostatku s\u00fakromia, malej izby a nepraktick\u00e9ho fungovania po dobu, k\u00fdm nedokon\u010d\u00ed \u0161t\u00fadium. Pritom tak\u00e9 \u0161t\u00fadium netrv\u00e1 p\u00e1r dn\u00ed, ale roky. Preto je ot\u00e1zka nad ubytovan\u00edm pre \u0161tudenta vecou, nad ktorou sa chtiac-nechtiac mus\u00ed zam\u00fd\u0161\u013ea\u0165.Ka\u017ed\u00fd sme in\u00fd a ka\u017ed\u00fd m\u00e1 na tak\u00fdto typ ubytovania in\u00fd poh\u013ead. Niekto t\u00fa\u017ei po neust\u00e1lej z\u00e1bave a neporiadku, in\u00fd zasa po k\u013eudn\u00fdch chv\u00ed\u013each a zorganizovan\u00ed vlastn\u00e9ho priestoru, kde je naopak ur\u010dit\u00fd syst\u00e9m a poriadok. A pr\u00e1ve ten konflikt z\u00e1ujmov a nepr\u00edjemn\u00e1 situ\u00e1cia m\u00f4\u017ee nasta\u0165, ak ten &#8222;poriadny&#8220; \u0161tudent bude n\u00faten\u00fd zdie\u013ea\u0165 spolo\u010dn\u00fd priestor s t\u00fdm &#8222;neporiadnym.&#8220; \u0160tudenti vs. Byty je teda niekedy naozaj s\u00fabojom nervov. Nehovoriac o tom, \u017ee tieto priestory s\u00fa zv\u00e4\u010d\u0161a mal\u00e9 a aj tieto mal\u00e9 priestory nie s\u00fa zv\u00e4\u010d\u0161a ob\u00fdvan\u00e9 iba jednou osobou. \u010clovek, ktor\u00fd prv\u00fdkr\u00e1t na \u0161t\u00fadium a teda i do ubytovne prich\u00e1dza mo\u017eno o\u010dak\u00e1va hotel, no mo\u017eno bude nemilo prekvapen\u00fd. \u2022 Ka\u017edop\u00e1dne \u0161tudent to nezmen\u00ed, no d\u00f4le\u017eit\u00e9 je, aby V\u00e1s tak\u00e9to mo\u017en\u00e9 prek\u00e1\u017eky od \u0161t\u00fadia neodradili. Predsa ste odhodlan\u00fd\/\u00e1 vy\u0161tudova\u0165 a nie\u010do vo svete znamena\u0165, preto s\u00fa tak\u00e9to prek\u00e1\u017eky minimom, ktor\u00e9 mus\u00edte jednoducho str\u00e1vi\u0165 a ktovie, mo\u017eno si aj zvyknete a odnesiete si mno\u017estvo z\u00e1bavn\u00fdch pr\u00edhod, ktor\u00fdch ste v ubytovni boli svedkom. Zvykn\u00fa\u0165 si b\u00fdva toti\u017e naj\u0165a\u017e\u0161ie pre ka\u017ed\u00e9ho. No potom to niekedy naber\u00e1 lep\u0161\u00ed smer. S\u00fa v\u0161ak pr\u00edpady a nie ich tak m\u00e1lo, kedy mlad\u00ed \u013eudia a \u0161tuduj\u00faci uprednost\u0148uj\u00fa a h\u013eadaj\u00fa priamo byty, podn\u00e1jmy, v okol\u00ed svojej \u0161koly. V tom pr\u00edpade sa mo\u017en\u00e9 probl\u00e9my a obavy ihne\u010f vyrie\u0161ili.                                                                                                                                                                                                                                                                                                                                                                                        4.4\/5 - (8 votes)        "},{"@context":"https:\/\/schema.org\/","@type":"BreadcrumbList","itemListElement":[{"@type":"ListItem","position":1,"name":"Zmena priestoru. Zvykneme si?","item":"https:\/\/www.salasbarca.sk\/zmena-priestoru-zvykneme-si\/#breadcrumbitem"}]}]